{"id":1307,"date":"2010-02-17T16:09:37","date_gmt":"2010-02-17T15:09:37","guid":{"rendered":"http:\/\/blog.die-linke.de\/digitalelinke\/?p=1307"},"modified":"2010-02-17T16:11:14","modified_gmt":"2010-02-17T15:11:14","slug":"zugangserschwerungsgesetz-kohler-hat-unterschrieben","status":"publish","type":"post","link":"https:\/\/blog.die-linke.de\/digitalelinke\/zugangserschwerungsgesetz-kohler-hat-unterschrieben\/","title":{"rendered":"Zugangserschwerungsgesetz: K\u00f6hler hat unterschrieben"},"content":{"rendered":"<p>Bundespr\u00e4sident K\u00f6hler hat heute das Zugangserschwerungsgesetz ausgefertigt, so dass es nach der Ver\u00f6ffentlichung im Bundesgesetzblatt in Kraft tritt.\u00a0In einer lapidaren <a href=\"http:\/\/bundespraesident.de\/Journalistenservice\/Pressemitteilungen-,11107.662222\/Ausfertigung-des-Gesetzes-zur-.htm?global.back=\/Journalistenservice\/-%2c11107%2c0\/Pressemitteilungen.htm%3flink%3dbpr_liste\" target=\"_blank\">Pressemitteilung<\/a> aus dem Bundespr\u00e4sidialamt hei\u00dft es dazu:<!--more--><\/p>\n<blockquote><p>Bundespr\u00e4sident Horst K\u00f6hler hat heute das &#8222;Gesetz zur Bek\u00e4mpfung von Kinderpornographie in Kommunikationsnetzen&#8220; unterzeichnet. Es bestanden keine durchgreifenden verfassungsrechtlichen Bedenken, die ihn an einer Ausfertigung gehindert h\u00e4tten. Der Bundespr\u00e4sident geht davon aus, dass die Bundesregierung entsprechend ihrer Stellungnahme vom 4. Februar 2010 nunmehr &#8222;auf der Grundlage des Zugangserschwerungsgesetzes&#8220; Kinderpornographie im Internet effektiv und nachhaltig bek\u00e4mpft.<\/p><\/blockquote>\n<p>F\u00fcr die Behandlung der Aufhebungsgesetzentw\u00fcrfe der Oppositionsfraktionen n\u00e4chste Woche im Bundestag (siehe <a href=\"http:\/\/blog.die-linke.de\/digitalelinke\/zugangserschwerungsgesetz-nachste-woche-im-bundestag\/\" target=\"_blank\">hier<\/a>) hei\u00dft das: Der Gesetzentwurf der Fraktion DIE LINKE bleibt aktuell, da er diesen Fall mit erfasst. Nicht mehr g\u00fcltig ist der Gesetzentwurf der GR\u00dcNEN. Sie hatten lediglich den Fall ber\u00fccksichtigt, dass der Bundespr\u00e4sident nicht unterschriebe, und m\u00fcssen nun neu formulieren. Der Gesetzentwurf der SPD liegt nach wie vor nicht vor. Da er noch nicht ver\u00f6ffentlicht ist, werden wohl auch sie\u00a0jetzt umformulieren.<\/p>\n<div id=\"tweetbutton1307\" class=\"tw_button\" style=\"float:right;margin-left:10px;\"><a href=\"http:\/\/twitter.com\/share?url=https%3A%2F%2Fblog.die-linke.de%2Fdigitalelinke%2Fzugangserschwerungsgesetz-kohler-hat-unterschrieben%2F&amp;text=Zugangserschwerungsgesetz%3A%20K%C3%B6hler%20hat%20unterschrieben&amp;related=&amp;lang=de&amp;count=horizontal&amp;counturl=https%3A%2F%2Fblog.die-linke.de%2Fdigitalelinke%2Fzugangserschwerungsgesetz-kohler-hat-unterschrieben%2F\" class=\"twitter-share-button\"  style=\"width:55px;height:22px;background:transparent url('https:\/\/blog.die-linke.de\/digitalelinke\/wp-content\/plugins\/wp-tweet-button\/tweetn.png') no-repeat  0 0;text-align:left;text-indent:-9999px;display:block;\">Tweet<\/a><\/div>","protected":false},"excerpt":{"rendered":"<p>Bundespr\u00e4sident K\u00f6hler hat heute das Zugangserschwerungsgesetz ausgefertigt, so dass es nach der Ver\u00f6ffentlichung im Bundesgesetzblatt in Kraft tritt.\u00a0In einer lapidaren Pressemitteilung aus dem Bundespr\u00e4sidialamt hei\u00dft es dazu:<\/p>\n","protected":false},"author":4,"featured_media":0,"comment_status":"closed","ping_status":"open","sticky":false,"template":"","format":"standard","meta":{"footnotes":""},"categories":[26,40],"tags":[90,89,39,87],"class_list":["post-1307","post","type-post","status-publish","format-standard","hentry","category-parteien","category-zensur","tag-die-linke","tag-grune","tag-spd","tag-sperrgesetz"],"_links":{"self":[{"href":"https:\/\/blog.die-linke.de\/digitalelinke\/wp-json\/wp\/v2\/posts\/1307","targetHints":{"allow":["GET"]}}],"collection":[{"href":"https:\/\/blog.die-linke.de\/digitalelinke\/wp-json\/wp\/v2\/posts"}],"about":[{"href":"https:\/\/blog.die-linke.de\/digitalelinke\/wp-json\/wp\/v2\/types\/post"}],"author":[{"embeddable":true,"href":"https:\/\/blog.die-linke.de\/digitalelinke\/wp-json\/wp\/v2\/users\/4"}],"replies":[{"embeddable":true,"href":"https:\/\/blog.die-linke.de\/digitalelinke\/wp-json\/wp\/v2\/comments?post=1307"}],"version-history":[{"count":3,"href":"https:\/\/blog.die-linke.de\/digitalelinke\/wp-json\/wp\/v2\/posts\/1307\/revisions"}],"predecessor-version":[{"id":1310,"href":"https:\/\/blog.die-linke.de\/digitalelinke\/wp-json\/wp\/v2\/posts\/1307\/revisions\/1310"}],"wp:attachment":[{"href":"https:\/\/blog.die-linke.de\/digitalelinke\/wp-json\/wp\/v2\/media?parent=1307"}],"wp:term":[{"taxonomy":"category","embeddable":true,"href":"https:\/\/blog.die-linke.de\/digitalelinke\/wp-json\/wp\/v2\/categories?post=1307"},{"taxonomy":"post_tag","embeddable":true,"href":"https:\/\/blog.die-linke.de\/digitalelinke\/wp-json\/wp\/v2\/tags?post=1307"}],"curies":[{"name":"wp","href":"https:\/\/api.w.org\/{rel}","templated":true}]}}