{"id":1909,"date":"2010-06-11T13:27:06","date_gmt":"2010-06-11T12:27:06","guid":{"rendered":"http:\/\/blog.die-linke.de\/digitalelinke\/?p=1909"},"modified":"2010-12-03T11:16:05","modified_gmt":"2010-12-03T09:16:05","slug":"ohne-worte-blog-netzpolitik-org-ist-jugendgefahrdend","status":"publish","type":"post","link":"https:\/\/blog.die-linke.de\/digitalelinke\/ohne-worte-blog-netzpolitik-org-ist-jugendgefahrdend\/","title":{"rendered":"Ohne Worte: Blog netzpolitik.org ist jugendgef\u00e4hrdend"},"content":{"rendered":"<p>Das, was der gestern beschlossene Jugendmedienschutz-Staatsvertrag (wir <a href=\"http:\/\/blog.die-linke.de\/digitalelinke\/entscheidung-der-ministerprasidenten-rundfunkgebuhr-und-jugendmedienschutz-staatsvertrag\/\" target=\"_self\">berichteten<\/a>) demn\u00e4chst f\u00fcr alle Blogs und Soziale Netzwerke vorschreibt, n\u00e4mlich jugendgef\u00e4hrdende (i.e. jugendbeeintr\u00e4chtigende)\u00a0Inhalte \u2013 oder solche, von denen man nicht wei\u00df, ob sie es sind \u2013 per Filtersoftware zu blockieren, ist an einigen Schulen bereits Realit\u00e4t. Ein erstes Opfer dieser Praxis ist <a href=\"http:\/\/www.netzpolitik.org\/2010\/fuer-die-ausbildung-nicht-geeignet\/\" target=\"_blank\">netzpolitik.org<\/a>. Die Filtersoftware \u201eTime for Kids\u201c \u2013 sie kommt an Schulen des Freistaats Bayern zum Einsatz \u2013 blockiert den Blog von Markus Beckedahl.<\/p>\n<p><em>Kommentar:<\/em> Das ist ohne Worte!<\/p>\n<div id=\"tweetbutton1909\" class=\"tw_button\" style=\"float:right;margin-left:10px;\"><a href=\"http:\/\/twitter.com\/share?url=https%3A%2F%2Fblog.die-linke.de%2Fdigitalelinke%2Fohne-worte-blog-netzpolitik-org-ist-jugendgefahrdend%2F&amp;text=Ohne%20Worte%3A%20Blog%20netzpolitik.org%20ist%20jugendgef%C3%A4hrdend&amp;related=&amp;lang=de&amp;count=horizontal&amp;counturl=https%3A%2F%2Fblog.die-linke.de%2Fdigitalelinke%2Fohne-worte-blog-netzpolitik-org-ist-jugendgefahrdend%2F\" class=\"twitter-share-button\"  style=\"width:55px;height:22px;background:transparent url('https:\/\/blog.die-linke.de\/digitalelinke\/wp-content\/plugins\/wp-tweet-button\/tweetn.png') no-repeat  0 0;text-align:left;text-indent:-9999px;display:block;\">Tweet<\/a><\/div>","protected":false},"excerpt":{"rendered":"<p>Das, was der gestern beschlossene Jugendmedienschutz-Staatsvertrag (wir berichteten) demn\u00e4chst f\u00fcr alle Blogs und Soziale Netzwerke vorschreibt, n\u00e4mlich jugendgef\u00e4hrdende (i.e. jugendbeeintr\u00e4chtigende)\u00a0Inhalte \u2013 oder solche, von denen man nicht wei\u00df, ob sie es sind \u2013 per Filtersoftware zu blockieren, ist an einigen Schulen bereits Realit\u00e4t. Ein erstes Opfer dieser Praxis ist netzpolitik.org. Die Filtersoftware \u201eTime for Kids\u201c [&hellip;]<\/p>\n","protected":false},"author":4,"featured_media":0,"comment_status":"closed","ping_status":"open","sticky":false,"template":"","format":"standard","meta":{"footnotes":""},"categories":[72,101,40],"tags":[151,18,477],"class_list":["post-1909","post","type-post","status-publish","format-standard","hentry","category-blogs","category-jugendmedienchutz","category-zensur","tag-jmstv","tag-jugend","tag-zensur"],"_links":{"self":[{"href":"https:\/\/blog.die-linke.de\/digitalelinke\/wp-json\/wp\/v2\/posts\/1909","targetHints":{"allow":["GET"]}}],"collection":[{"href":"https:\/\/blog.die-linke.de\/digitalelinke\/wp-json\/wp\/v2\/posts"}],"about":[{"href":"https:\/\/blog.die-linke.de\/digitalelinke\/wp-json\/wp\/v2\/types\/post"}],"author":[{"embeddable":true,"href":"https:\/\/blog.die-linke.de\/digitalelinke\/wp-json\/wp\/v2\/users\/4"}],"replies":[{"embeddable":true,"href":"https:\/\/blog.die-linke.de\/digitalelinke\/wp-json\/wp\/v2\/comments?post=1909"}],"version-history":[{"count":7,"href":"https:\/\/blog.die-linke.de\/digitalelinke\/wp-json\/wp\/v2\/posts\/1909\/revisions"}],"predecessor-version":[{"id":2899,"href":"https:\/\/blog.die-linke.de\/digitalelinke\/wp-json\/wp\/v2\/posts\/1909\/revisions\/2899"}],"wp:attachment":[{"href":"https:\/\/blog.die-linke.de\/digitalelinke\/wp-json\/wp\/v2\/media?parent=1909"}],"wp:term":[{"taxonomy":"category","embeddable":true,"href":"https:\/\/blog.die-linke.de\/digitalelinke\/wp-json\/wp\/v2\/categories?post=1909"},{"taxonomy":"post_tag","embeddable":true,"href":"https:\/\/blog.die-linke.de\/digitalelinke\/wp-json\/wp\/v2\/tags?post=1909"}],"curies":[{"name":"wp","href":"https:\/\/api.w.org\/{rel}","templated":true}]}}