{"id":1921,"date":"2010-06-14T11:02:17","date_gmt":"2010-06-14T10:02:17","guid":{"rendered":"http:\/\/blog.die-linke.de\/digitalelinke\/?p=1921"},"modified":"2010-06-14T11:02:17","modified_gmt":"2010-06-14T10:02:17","slug":"wie-ein-altes-bsg-urteil-umgewertet-wird-behinderte-mussen-haushaltabgabe-fur-rundfunk-zahlen","status":"publish","type":"post","link":"https:\/\/blog.die-linke.de\/digitalelinke\/wie-ein-altes-bsg-urteil-umgewertet-wird-behinderte-mussen-haushaltabgabe-fur-rundfunk-zahlen\/","title":{"rendered":"Wie ein altes BSG-Urteil umgewertet wird: Behinderte m\u00fcssen Haushaltabgabe f\u00fcr Rundfunk zahlen"},"content":{"rendered":"<p>In Zukunft <a href=\"http:\/\/www.rlp.de\/einzelansicht\/archive\/2010\/june\/article\/einfacheres-und-gerechteres-rundfunkfinanzierungsmodell\/\">sollen auch Menschen mit Behinderungen <\/a>Rundfunkgeb\u00fchr bezahlen. Der Chef der Staatskanzlei Rheinland-Pfalz&#8216; Martin Stadelmeier verweist in diesem Zusammenhang auf ein Urteil des Bundessozialgerichtes aus dem Jahre 2000. Im Jahre 2004 hatte Miriam Meckel als damalige Medienstaatssekret\u00e4rin von NRW eine solche Regelung vorgeschlagen. Martin Stadelmeier lehnte dies damals ab. Es gebe eine \u201egenerelle Berechtigung\u201c an der Geb\u00fchrenbefreiung f\u00fcr Behinderte festzuhalten, sagte Stadelmaier dem <em><a href=\"http:\/\/www.spiegel.de\/kultur\/gesellschaft\/0,1518,298487,00.html\">SPIEGEL<\/a><\/em>. (Falle die generelle Befreiung der Behinderten weg, w\u00fcrden sich Mehreinnahmen von 105 Mio. Euro ergeben (Stand Rundfunkgeb\u00fchr 2004, Annahme volle Geb\u00fchr wird bezahlt). Es wurde auch darauf verweisen, dass der Geb\u00fchrennachlass der GEZ f\u00fcr die Telekom als notwendiger Nachweis gilt, um den Sozialtarif zu gew\u00e4hren.)<\/p>\n<div id=\"tweetbutton1921\" class=\"tw_button\" style=\"float:right;margin-left:10px;\"><a href=\"http:\/\/twitter.com\/share?url=https%3A%2F%2Fblog.die-linke.de%2Fdigitalelinke%2Fwie-ein-altes-bsg-urteil-umgewertet-wird-behinderte-mussen-haushaltabgabe-fur-rundfunk-zahlen%2F&amp;text=Wie%20ein%20altes%20BSG-Urteil%20umgewertet%20wird%3A%20Behinderte%20m%C3%BCssen%20Haushaltabgabe%20f%C3%BCr%20Rundfunk%20zahlen&amp;related=&amp;lang=de&amp;count=horizontal&amp;counturl=https%3A%2F%2Fblog.die-linke.de%2Fdigitalelinke%2Fwie-ein-altes-bsg-urteil-umgewertet-wird-behinderte-mussen-haushaltabgabe-fur-rundfunk-zahlen%2F\" class=\"twitter-share-button\"  style=\"width:55px;height:22px;background:transparent url('https:\/\/blog.die-linke.de\/digitalelinke\/wp-content\/plugins\/wp-tweet-button\/tweetn.png') no-repeat  0 0;text-align:left;text-indent:-9999px;display:block;\">Tweet<\/a><\/div>","protected":false},"excerpt":{"rendered":"<p>In Zukunft sollen auch Menschen mit Behinderungen Rundfunkgeb\u00fchr bezahlen. Der Chef der Staatskanzlei Rheinland-Pfalz&#8216; Martin Stadelmeier verweist in diesem Zusammenhang auf ein Urteil des Bundessozialgerichtes aus dem Jahre 2000. Im Jahre 2004 hatte Miriam Meckel als damalige Medienstaatssekret\u00e4rin von NRW eine solche Regelung vorgeschlagen. Martin Stadelmeier lehnte dies damals ab. Es gebe eine \u201egenerelle Berechtigung\u201c [&hellip;]<\/p>\n","protected":false},"author":5,"featured_media":0,"comment_status":"closed","ping_status":"open","sticky":false,"template":"","format":"standard","meta":{"footnotes":""},"categories":[63],"tags":[5,44,23,133,39,29],"class_list":["post-1921","post","type-post","status-publish","format-standard","hentry","category-rundfunk","tag-ard","tag-cdu","tag-gez","tag-rundfunkgebuhr","tag-spd","tag-zdf"],"_links":{"self":[{"href":"https:\/\/blog.die-linke.de\/digitalelinke\/wp-json\/wp\/v2\/posts\/1921","targetHints":{"allow":["GET"]}}],"collection":[{"href":"https:\/\/blog.die-linke.de\/digitalelinke\/wp-json\/wp\/v2\/posts"}],"about":[{"href":"https:\/\/blog.die-linke.de\/digitalelinke\/wp-json\/wp\/v2\/types\/post"}],"author":[{"embeddable":true,"href":"https:\/\/blog.die-linke.de\/digitalelinke\/wp-json\/wp\/v2\/users\/5"}],"replies":[{"embeddable":true,"href":"https:\/\/blog.die-linke.de\/digitalelinke\/wp-json\/wp\/v2\/comments?post=1921"}],"version-history":[{"count":1,"href":"https:\/\/blog.die-linke.de\/digitalelinke\/wp-json\/wp\/v2\/posts\/1921\/revisions"}],"predecessor-version":[{"id":1922,"href":"https:\/\/blog.die-linke.de\/digitalelinke\/wp-json\/wp\/v2\/posts\/1921\/revisions\/1922"}],"wp:attachment":[{"href":"https:\/\/blog.die-linke.de\/digitalelinke\/wp-json\/wp\/v2\/media?parent=1921"}],"wp:term":[{"taxonomy":"category","embeddable":true,"href":"https:\/\/blog.die-linke.de\/digitalelinke\/wp-json\/wp\/v2\/categories?post=1921"},{"taxonomy":"post_tag","embeddable":true,"href":"https:\/\/blog.die-linke.de\/digitalelinke\/wp-json\/wp\/v2\/tags?post=1921"}],"curies":[{"name":"wp","href":"https:\/\/api.w.org\/{rel}","templated":true}]}}