{"id":1923,"date":"2010-06-15T06:02:35","date_gmt":"2010-06-15T05:02:35","guid":{"rendered":"http:\/\/blog.die-linke.de\/digitalelinke\/?p=1923"},"modified":"2010-06-16T06:20:50","modified_gmt":"2010-06-16T05:20:50","slug":"achte-cdu-medianight-fur-letzten-dienstag-abgesagt","status":"publish","type":"post","link":"https:\/\/blog.die-linke.de\/digitalelinke\/achte-cdu-medianight-fur-letzten-dienstag-abgesagt\/","title":{"rendered":"Achte CDU-MediaNight f\u00fcr letzten Dienstag abgesagt"},"content":{"rendered":"<p>Siebenmal gab es die <a href=\"http:\/\/www.medianight.cdu.de\/\">CDU-MediaNight<\/a>. (Die 7. im CDU-TV <a href=\"http:\/\/www.youtube.com\/watch?v=1D3ep9J27lA\">hier<\/a>.) Die achte Ausgabe war f\u00fcr den 8. Juni geplant. Am 21. Mai ver\u00f6ffentlichte die <em><a href=\"http:\/\/funkkorrespondenz.kim-info.de\/\">Funkkorrespondenz<\/a><\/em> folgendes Schreiben der CDU-Bundesgesch\u00e4ftsstelle:<\/p>\n<blockquote><p>\u201eSehr geehrte Damen und Herren,<\/p>\n<p>am 8. Juni 2010 sollte die 8. CDU-MediaNight stattfinden. Leider mussten wir uns aus organisatorischen Gr\u00fcnden entschlie\u00dfen, die Veranstaltung dieses Jahr ausfallen zu lassen.<!--more--><\/p>\n<p>Vielen Dank f\u00fcr lhr Verst\u00e4ndnis.<\/p>\n<p>Mit freundliche G\u00fc\u00dfen<\/p>\n<p>ihre CDU-Bundesgesch\u00e4ftsstelle\u201c<\/p><\/blockquote>\n<p>\u00dcber die Gr\u00fcnde kann man nur spekulieren. Hatte man diesmal nicht gen\u00fcgend Sponsoren? Oder wollte man gerade die Debatte um die Sponsoren nach den Diskussionen in NRW und Sachsen verhindern? Lag der Termin zu nahe an der Ministerpr\u00e4sidentenkonferenz zur Rundfundfunkfinanzierung, so dass ARD und ZDF weder als Sponsor h\u00e4tten auftreten sowie wie in, den Jahren zuvor, Intendanten (wie <a href=\"http:\/\/www.medianight.cdu.de\/page\/35.htm\">MDR-Intendant Prof. Udo Reiter<\/a>, <a href=\"http:\/\/www.medianight.cdu.de\/2006\/workshops\/workshops-03.htm\">HR-Intendant Dr. Helmut Reitze<\/a>), Programmdirektoren (<a href=\"http:\/\/www.medianight.cdu.de\/page\/62.htm\">Thomas Bellut<\/a>) und Chefredakteure sowie Moderatoren (<a href=\"http:\/\/www.medianight.cdu.de\/page\/36.htm\">Waldemar Hartmann<\/a>) unauff\u00e4llig teilnehmen k\u00f6nnen? F\u00fcr Steffen Grimberg waren ARD und ZDF letztes Jahr <a href=\"http:\/\/www.taz.de\/1\/leben\/medien\/artikel\/1\/ard-und-zdf-zu-gast-bei-freunden\/\">zu Gast bei Freunden<\/a>, was &#8222;heute journal&#8220;-Moderatorin Dunja Hayali angesichts der Werbeaufsteller von ARD und ZDF im Konrad-Andenauer-Haus sich fragen lie\u00df: \u201eWarum machen wir das eigentlich mitten im Wahlkampf?\u201c. Dieses Jahr ist kein Wahlkampf mehr. F\u00fcr die NRW-Wahl h\u00e4tte man es vorziehen m\u00fcssen.<\/p>\n<div id=\"tweetbutton1923\" class=\"tw_button\" style=\"float:right;margin-left:10px;\"><a href=\"http:\/\/twitter.com\/share?url=https%3A%2F%2Fblog.die-linke.de%2Fdigitalelinke%2Fachte-cdu-medianight-fur-letzten-dienstag-abgesagt%2F&amp;text=Achte%20CDU-MediaNight%20f%C3%BCr%20letzten%20Dienstag%20abgesagt&amp;related=&amp;lang=de&amp;count=horizontal&amp;counturl=https%3A%2F%2Fblog.die-linke.de%2Fdigitalelinke%2Fachte-cdu-medianight-fur-letzten-dienstag-abgesagt%2F\" class=\"twitter-share-button\"  style=\"width:55px;height:22px;background:transparent url('https:\/\/blog.die-linke.de\/digitalelinke\/wp-content\/plugins\/wp-tweet-button\/tweetn.png') no-repeat  0 0;text-align:left;text-indent:-9999px;display:block;\">Tweet<\/a><\/div>","protected":false},"excerpt":{"rendered":"<p>Siebenmal gab es die CDU-MediaNight. (Die 7. im CDU-TV hier.) Die achte Ausgabe war f\u00fcr den 8. Juni geplant. Am 21. Mai ver\u00f6ffentlichte die Funkkorrespondenz folgendes Schreiben der CDU-Bundesgesch\u00e4ftsstelle: \u201eSehr geehrte Damen und Herren, am 8. Juni 2010 sollte die 8. CDU-MediaNight stattfinden. Leider mussten wir uns aus organisatorischen Gr\u00fcnden entschlie\u00dfen, die Veranstaltung dieses Jahr [&hellip;]<\/p>\n","protected":false},"author":5,"featured_media":0,"comment_status":"closed","ping_status":"open","sticky":false,"template":"","format":"standard","meta":{"footnotes":""},"categories":[26,63],"tags":[5,44,97,29],"class_list":["post-1923","post","type-post","status-publish","format-standard","hentry","category-parteien","category-rundfunk","tag-ard","tag-cdu","tag-csu","tag-zdf"],"_links":{"self":[{"href":"https:\/\/blog.die-linke.de\/digitalelinke\/wp-json\/wp\/v2\/posts\/1923","targetHints":{"allow":["GET"]}}],"collection":[{"href":"https:\/\/blog.die-linke.de\/digitalelinke\/wp-json\/wp\/v2\/posts"}],"about":[{"href":"https:\/\/blog.die-linke.de\/digitalelinke\/wp-json\/wp\/v2\/types\/post"}],"author":[{"embeddable":true,"href":"https:\/\/blog.die-linke.de\/digitalelinke\/wp-json\/wp\/v2\/users\/5"}],"replies":[{"embeddable":true,"href":"https:\/\/blog.die-linke.de\/digitalelinke\/wp-json\/wp\/v2\/comments?post=1923"}],"version-history":[{"count":3,"href":"https:\/\/blog.die-linke.de\/digitalelinke\/wp-json\/wp\/v2\/posts\/1923\/revisions"}],"predecessor-version":[{"id":1932,"href":"https:\/\/blog.die-linke.de\/digitalelinke\/wp-json\/wp\/v2\/posts\/1923\/revisions\/1932"}],"wp:attachment":[{"href":"https:\/\/blog.die-linke.de\/digitalelinke\/wp-json\/wp\/v2\/media?parent=1923"}],"wp:term":[{"taxonomy":"category","embeddable":true,"href":"https:\/\/blog.die-linke.de\/digitalelinke\/wp-json\/wp\/v2\/categories?post=1923"},{"taxonomy":"post_tag","embeddable":true,"href":"https:\/\/blog.die-linke.de\/digitalelinke\/wp-json\/wp\/v2\/tags?post=1923"}],"curies":[{"name":"wp","href":"https:\/\/api.w.org\/{rel}","templated":true}]}}