{"id":2805,"date":"2010-11-15T00:28:11","date_gmt":"2010-11-14T22:28:11","guid":{"rendered":"http:\/\/blog.die-linke.de\/digitalelinke\/?p=2805"},"modified":"2010-12-03T11:15:19","modified_gmt":"2010-12-03T09:15:19","slug":"jugendmedienschutz-gut-ding-will-weile-haben","status":"publish","type":"post","link":"https:\/\/blog.die-linke.de\/digitalelinke\/jugendmedienschutz-gut-ding-will-weile-haben\/","title":{"rendered":"Jugendmedienschutz: Gut Ding will Weile haben"},"content":{"rendered":"<p><strong><em>\u00a0<\/em><\/strong><\/p>\n<p>\u201eTatort Internet.\u201c Seit der ersten Ausstrahlung am 7. Oktober gingen bei der KJM immer mehr Beschwerden ein. Die Kommission f\u00fcr Jugendmedienschutz (KJM) hat sich nun entschieden. Auf\u00a0 ihrer Sitzung am Mittwoch dieser Woche. Das war der 10. November. \u201eNach einer kritischen, intensiv gef\u00fchrten Diskussion entschied die KJM, dass kein Versto\u00df gegen die Jugendschutz-Bestimmungen besteht\u201c, meldet <a href=\"http:\/\/www.presseportal.de\/meldung\/1715330\">presseportal.de<\/a>.<\/p>\n<p>Und die KJM <a href=\"http:\/\/www.kjm-online.de\/de\/pub\/aktuelles\/pressemitteilungen%202010\/pm_262010.cfm\">vermeldet<\/a>: \u201eDie KJM pr\u00fcfte die RTL 2-Sendungen gem\u00e4\u00df ihrem gesetzlichen Auftrag mit Blick auf die Einhaltung des Jugendmedienschutz-Staatsvertrags (JMStV) bez\u00fcglich der Frage, welche Wirkung eine Sendung auf minderj\u00e4hrige Zuschauer aus\u00fcben kann. Dabei kann die unabh\u00e4ngige Kommission immer erst nach der Ausstrahlung pr\u00fcfen.\u201c<!--more--><\/p>\n<p>Soll damit etwa die lange Entscheidungszeit begr\u00fcndet werden? Daf\u00fcr ist die Begr\u00fcndung doch etwas d\u00fcrr. \u201eProblematisiert wurde die Art der Emotionalisierung und Dramatisierung in der Sendung: Kinder und Jugendliche erhalten kaum hilfreiche Tipps f\u00fcr ein sicheres Verhalten im Internet.\u201c Kinder und Jugendliche erhalten also kaum Hilfen. Man zweifelt zwar an der Gestaltung der Sendung, will sie jedoch aus jugendschutzrechtlicher Sicht nicht beanstanden.<\/p>\n<p>\u201eDabei muss ber\u00fccksichtigt werden, dass die gesellschaftliche Diskussion \u00fcber sexuellen Missbrauch von Kindern und Jugendlichen \u2013 leider \u2013 zu unserem Alltag geh\u00f6rt und auch geh\u00f6ren muss\u201c, <a href=\"http:\/\/www.kjm-online.de\/de\/pub\/aktuelles\/pressemitteilungen%202010\/pm_262010.cfm\">so<\/a> der KJM-Vorsitzende Prof. Dr. Wolf-Dieter Ring. \u201eZu begr\u00fc\u00dfen ist, dass die Gefahren des sexuellen Missbrauchs im Internet durch diese Sendung nun noch ein St\u00fcck weit breiter diskutiert wird \u2013 und das hoffentlich auch von Zielgruppen, die sich bisher nicht mit dem Thema auseinandergesetzt haben.\u201c Das sind wohl kaum Kinder und Jugendliche. \u201eWas die Wirkung auf minderj\u00e4hrige Zuschauer betrifft, d\u00fcrfte es, auch mit Blick auf die Sendezeit (und den Sendezeitfilter in der RTL2 \u201cMediathek\u201d), tats\u00e4chlich kaum etwas zu beanstanden geben\u201c, hei\u00dft es bei netzpolitik.org. Zudem spricht <a href=\"http:\/\/www.heiko-hilker.de\/index.php?option=com_content&amp;view=article&amp;id=721:medienaufsicht-muesste-bei-rtl-tatort-internet-laut-strafgesetzbuch-einschreiten-&amp;catid=5:blog&amp;Itemid=4\">die Reichweite<\/a> der Sendung eine eindeutige Sprache.<\/p>\n<p>Nun soll sich noch \u201eeine Pr\u00fcfgruppe der Kommission f\u00fcr Zulassung und Aufsicht (ZAK)\u201c damit besch\u00e4ftigen, ob \u201eTatort Internet\u201c mit den \u201eProgrammgrunds\u00e4tze[n] des Rundfunkstaatsvertrags\u201c zu vereinbaren ist. Das Thema wird in <strong>einer der n\u00e4chsten<\/strong> (!) <a href=\"http:\/\/www.alm.de\/435.html\">ZAK<\/a>-Sitzungen wieder auf der Tagesordnung stehen. Mal sehen, wie lange man bis zu einer Entscheidung braucht.<\/p>\n<div id=\"tweetbutton2805\" class=\"tw_button\" style=\"float:right;margin-left:10px;\"><a href=\"http:\/\/twitter.com\/share?url=https%3A%2F%2Fblog.die-linke.de%2Fdigitalelinke%2Fjugendmedienschutz-gut-ding-will-weile-haben%2F&amp;text=Jugendmedienschutz%3A%20Gut%20Ding%20will%20Weile%20haben&amp;related=&amp;lang=de&amp;count=horizontal&amp;counturl=https%3A%2F%2Fblog.die-linke.de%2Fdigitalelinke%2Fjugendmedienschutz-gut-ding-will-weile-haben%2F\" class=\"twitter-share-button\"  style=\"width:55px;height:22px;background:transparent url('https:\/\/blog.die-linke.de\/digitalelinke\/wp-content\/plugins\/wp-tweet-button\/tweetn.png') no-repeat  0 0;text-align:left;text-indent:-9999px;display:block;\">Tweet<\/a><\/div>","protected":false},"excerpt":{"rendered":"<p>\u00a0 \u201eTatort Internet.\u201c Seit der ersten Ausstrahlung am 7. Oktober gingen bei der KJM immer mehr Beschwerden ein. Die Kommission f\u00fcr Jugendmedienschutz (KJM) hat sich nun entschieden. Auf\u00a0 ihrer Sitzung am Mittwoch dieser Woche. Das war der 10. November. \u201eNach einer kritischen, intensiv gef\u00fchrten Diskussion entschied die KJM, dass kein Versto\u00df gegen die Jugendschutz-Bestimmungen besteht\u201c, [&hellip;]<\/p>\n","protected":false},"author":5,"featured_media":0,"comment_status":"closed","ping_status":"open","sticky":false,"template":"","format":"standard","meta":{"footnotes":""},"categories":[63],"tags":[21,151,18,49],"class_list":["post-2805","post","type-post","status-publish","format-standard","hentry","category-rundfunk","tag-internet","tag-jmstv","tag-jugend","tag-kinder"],"_links":{"self":[{"href":"https:\/\/blog.die-linke.de\/digitalelinke\/wp-json\/wp\/v2\/posts\/2805","targetHints":{"allow":["GET"]}}],"collection":[{"href":"https:\/\/blog.die-linke.de\/digitalelinke\/wp-json\/wp\/v2\/posts"}],"about":[{"href":"https:\/\/blog.die-linke.de\/digitalelinke\/wp-json\/wp\/v2\/types\/post"}],"author":[{"embeddable":true,"href":"https:\/\/blog.die-linke.de\/digitalelinke\/wp-json\/wp\/v2\/users\/5"}],"replies":[{"embeddable":true,"href":"https:\/\/blog.die-linke.de\/digitalelinke\/wp-json\/wp\/v2\/comments?post=2805"}],"version-history":[{"count":5,"href":"https:\/\/blog.die-linke.de\/digitalelinke\/wp-json\/wp\/v2\/posts\/2805\/revisions"}],"predecessor-version":[{"id":2898,"href":"https:\/\/blog.die-linke.de\/digitalelinke\/wp-json\/wp\/v2\/posts\/2805\/revisions\/2898"}],"wp:attachment":[{"href":"https:\/\/blog.die-linke.de\/digitalelinke\/wp-json\/wp\/v2\/media?parent=2805"}],"wp:term":[{"taxonomy":"category","embeddable":true,"href":"https:\/\/blog.die-linke.de\/digitalelinke\/wp-json\/wp\/v2\/categories?post=2805"},{"taxonomy":"post_tag","embeddable":true,"href":"https:\/\/blog.die-linke.de\/digitalelinke\/wp-json\/wp\/v2\/tags?post=2805"}],"curies":[{"name":"wp","href":"https:\/\/api.w.org\/{rel}","templated":true}]}}