{"id":5341,"date":"2012-07-09T15:14:56","date_gmt":"2012-07-09T14:14:56","guid":{"rendered":"http:\/\/blog.die-linke.de\/digitalelinke\/?p=5341"},"modified":"2012-07-09T15:14:56","modified_gmt":"2012-07-09T14:14:56","slug":"linker-gesetzentwurf-zur-reform-des-urhebervertragrechts-offene-feedbackrunde-noch-bis-31-07","status":"publish","type":"post","link":"https:\/\/blog.die-linke.de\/digitalelinke\/linker-gesetzentwurf-zur-reform-des-urhebervertragrechts-offene-feedbackrunde-noch-bis-31-07\/","title":{"rendered":"LINKER Gesetzentwurf zur Reform des Urhebervertragrechts: offene Feedbackrunde noch bis 31.07."},"content":{"rendered":"<p>Ende Mai hatten die LINKEN Bundestagsabgeordneten Petra Sitte, Luc Jochimsen, halina Wawzyniak, Herbert Behrens und Kathrin Senger-Sch\u00e4fer ihren Gesetzentwurf zur Reform des Urhebervertragsrechts der \u00d6ffentlichkeit vorgestellt und um Kommentierung oder Verbesserungsvorschl\u00e4ge gebeten (<a href=\"http:\/\/blog.die-linke.de\/digitalelinke\/linke-kundigt-gesetzentwurf-zum-urhebervertragsrecht-an\/\">wir berichteten<\/a>). <\/p>\n<p>Heute nun gab es von ihnen eine Kurzfassung des bisherigen Feedbacks, dass sie als &#8222;sehr konstruktiv und fundiert&#8220; bezeichnen:<!--more--><\/p>\n<blockquote><p>Hauptpunkte waren zum einen \u00dcberlegungen, ob ein Verbot oder eine Einschr\u00e4nkung von Total-Buy-Out-Vertr\u00e4gen die bessere Variante f\u00fcr UrheberInnen darstellt und wie die jeweiligen Optionen urheberrechtsfreundlich ausgestaltet werden k\u00f6nnen. Zum anderen haben sich einige intensiv Gedanken dar\u00fcber gemacht, wie sich eine Definition der \u201eangemessenen Verg\u00fctung\u201c besser im Gesetzestext formulieren l\u00e4sst, als es uns gelungen ist. <\/p>\n<p>Es gab \u00f6ffentliche Reaktionen und detaillierte R\u00fcckantworten per Mail von einzelnen Verlegern, Rechtsanw\u00e4lten, Schriftstellern aber auch vom Verband \u201efreischreiber\u201c. Weiter gab es Gespr\u00e4chsrunden mit Urheberrechtsinitiativen und dem DJV.<\/p><\/blockquote>\n<p>Da den MdBs von weiteren Urheberrechtsverb\u00e4nden im Laufe des Juli noch Reaktionen angek\u00fcndigt wurden haben sie nun die Kommentierungsphase auch f\u00fcr alle anderen bis zum 31.07. verl\u00e4ngert. Eine kommentierte Fassung des gesetzentwurfs, eine bearbeitbare Variante sowie die Kontaktinformationen finden sich zum Beispiel <a href=\"http:\/\/www.petra-sitte.de\/start\/aktuelles\/detail\/zurueck\/aktuelles-20\/artikel\/linker-gesetzentwurf-zur-reform-des-urhebervertragrechts-offene-feedbackrunde-noch-bis-3107\/\">auf der Seite<\/a> von Petra Sitte.<\/p>\n<p>Im August und September werden die eingegangenen Reaktionen dann evaluiert und im \u00dcberblick \u00f6ffentlich dokumentiert (auf Wunsch auch anonymisiert). Danach werden die MdBs eine \u00dcberarbeitung des Entwurfs vorstellen und ins parlamentarische Gesetzgebungsverfahren einbringen.<\/p>\n<div id=\"tweetbutton5341\" class=\"tw_button\" style=\"float:right;margin-left:10px;\"><a href=\"http:\/\/twitter.com\/share?url=https%3A%2F%2Fblog.die-linke.de%2Fdigitalelinke%2Flinker-gesetzentwurf-zur-reform-des-urhebervertragrechts-offene-feedbackrunde-noch-bis-31-07%2F&amp;text=LINKER%20Gesetzentwurf%20zur%20Reform%20des%20Urhebervertragrechts%3A%20offene%20Feedbackrunde%20noch%20bis%2031.07.&amp;related=&amp;lang=de&amp;count=horizontal&amp;counturl=https%3A%2F%2Fblog.die-linke.de%2Fdigitalelinke%2Flinker-gesetzentwurf-zur-reform-des-urhebervertragrechts-offene-feedbackrunde-noch-bis-31-07%2F\" class=\"twitter-share-button\"  style=\"width:55px;height:22px;background:transparent url('https:\/\/blog.die-linke.de\/digitalelinke\/wp-content\/plugins\/wp-tweet-button\/tweetn.png') no-repeat  0 0;text-align:left;text-indent:-9999px;display:block;\">Tweet<\/a><\/div>","protected":false},"excerpt":{"rendered":"<p>Ende Mai hatten die LINKEN Bundestagsabgeordneten Petra Sitte, Luc Jochimsen, halina Wawzyniak, Herbert Behrens und Kathrin Senger-Sch\u00e4fer ihren Gesetzentwurf zur Reform des Urhebervertragsrechts der \u00d6ffentlichkeit vorgestellt und um Kommentierung oder Verbesserungsvorschl\u00e4ge gebeten (wir berichteten). Heute nun gab es von ihnen eine Kurzfassung des bisherigen Feedbacks, dass sie als &#8222;sehr konstruktiv und fundiert&#8220; bezeichnen:<\/p>\n","protected":false},"author":21,"featured_media":0,"comment_status":"closed","ping_status":"open","sticky":false,"template":"","format":"standard","meta":{"footnotes":""},"categories":[66],"tags":[90,82],"class_list":["post-5341","post","type-post","status-publish","format-standard","hentry","category-urheberrecht","tag-die-linke","tag-urheberecht"],"_links":{"self":[{"href":"https:\/\/blog.die-linke.de\/digitalelinke\/wp-json\/wp\/v2\/posts\/5341","targetHints":{"allow":["GET"]}}],"collection":[{"href":"https:\/\/blog.die-linke.de\/digitalelinke\/wp-json\/wp\/v2\/posts"}],"about":[{"href":"https:\/\/blog.die-linke.de\/digitalelinke\/wp-json\/wp\/v2\/types\/post"}],"author":[{"embeddable":true,"href":"https:\/\/blog.die-linke.de\/digitalelinke\/wp-json\/wp\/v2\/users\/21"}],"replies":[{"embeddable":true,"href":"https:\/\/blog.die-linke.de\/digitalelinke\/wp-json\/wp\/v2\/comments?post=5341"}],"version-history":[{"count":1,"href":"https:\/\/blog.die-linke.de\/digitalelinke\/wp-json\/wp\/v2\/posts\/5341\/revisions"}],"predecessor-version":[{"id":5342,"href":"https:\/\/blog.die-linke.de\/digitalelinke\/wp-json\/wp\/v2\/posts\/5341\/revisions\/5342"}],"wp:attachment":[{"href":"https:\/\/blog.die-linke.de\/digitalelinke\/wp-json\/wp\/v2\/media?parent=5341"}],"wp:term":[{"taxonomy":"category","embeddable":true,"href":"https:\/\/blog.die-linke.de\/digitalelinke\/wp-json\/wp\/v2\/categories?post=5341"},{"taxonomy":"post_tag","embeddable":true,"href":"https:\/\/blog.die-linke.de\/digitalelinke\/wp-json\/wp\/v2\/tags?post=5341"}],"curies":[{"name":"wp","href":"https:\/\/api.w.org\/{rel}","templated":true}]}}